{"id":51102,"date":"2016-01-18T16:56:10","date_gmt":"2016-01-18T16:56:10","guid":{"rendered":"http:\/\/www.bocchini.it\/it\/?p=51102"},"modified":"2016-01-18T16:57:14","modified_gmt":"2016-01-18T16:57:14","slug":"sigep-2016","status":"publish","type":"post","link":"https:\/\/www.bocchini.it\/it\/sigep-2016\/","title":{"rendered":"Sigep 2016: vi racconteremo i progetti di Libero"},"content":{"rendered":"<p>Per Bocchini il 2016 si apre con un prestigioso appuntamento: <strong>dal 23 al 27 Gennaio<\/strong> saremo a <strong>Rimini<\/strong> per il <strong>Sigep 2016,<\/strong> il Salone Internazionale della Gelateria, Pasticceria e Panificazione Artigianale. La presenza <strong>al fianco del gruppo<\/strong> <strong>Clabo<\/strong> rimarcher\u00e0, ancora una volta, il <strong>legame storico<\/strong> e <strong>familiare<\/strong> che lega le nostre aziende.<\/p>\n<p>&nbsp;<\/p>\n<p>Per confermare e celebrare il nostro spirito pioneristico\u00a0<strong>abbiamo deciso di offrire qualcosa di diverso a tutti gli ospiti<\/strong> che verranno a trovarci presso il nostro stand. Non allestiremo il solito locale di tendenza o il solito concept ad effetto. Parleremo di innovazione. Suggeriremo un\u2019idea. Racconteremo<strong> un modello di business moderno<\/strong>, che prender\u00e0 per mano la vostra attivit\u00e0 e la porter\u00e0 nel futuro. <strong>Vi racconteremo la storia di <em>Libero<\/em><\/strong><em>:<\/em> una visione diversa che regaler\u00e0 <strong>un\u2019esperienza nuova<\/strong> ai clienti del vostro locale.<\/p>\n<div id=\"attachment_51105\" style=\"width: 1034px\" class=\"wp-caption aligncenter\"><img loading=\"lazy\" decoding=\"async\" aria-describedby=\"caption-attachment-51105\" class=\"size-full wp-image-51105\" src=\"http:\/\/www.bocchini.it\/wp-content\/uploads\/2016\/01\/standC1.jpg\" alt=\"Sigep 2016\" width=\"1024\" height=\"682\" srcset=\"https:\/\/www.bocchini.it\/wp-content\/uploads\/2016\/01\/standC1.jpg 1024w, https:\/\/www.bocchini.it\/wp-content\/uploads\/2016\/01\/standC1-300x200.jpg 300w, https:\/\/www.bocchini.it\/wp-content\/uploads\/2016\/01\/standC1-700x466.jpg 700w\" sizes=\"auto, (max-width: 1024px) 100vw, 1024px\" \/><p id=\"caption-attachment-51105\" class=\"wp-caption-text\">\u201cIl conformismo \u00e8 il carceriere della libert\u00e0 e il nemico della crescita\u201d<br \/>J.F. Kennedy<\/p><\/div>\n<p>&nbsp;<\/p>\n<p>Siete pronti a toccare con mano la differenza? Vi aspettiamo dal 23 al 27 Gennaio a Rimini Fiera presso il padiglione C7 152: vi dimostreremo che <strong>la strategia migliore per il vostro business \u00e8 pensare fuori dagli schemi.<\/strong><\/p>\n","protected":false},"excerpt":{"rendered":"<p>Per Bocchini il 2016 si apre con un prestigioso appuntamento: dal 23 al 27 Gennaio saremo a Rimini per il Sigep 2016, il Salone Internazionale della Gelateria, Pasticceria e Panificazione Artigianale. La presenza al fianco del gruppo Clabo rimarcher\u00e0, ancora una volta, il legame storico&#8230;<\/p>\n","protected":false},"author":6,"featured_media":51103,"comment_status":"closed","ping_status":"closed","sticky":false,"template":"","format":"standard","meta":{"footnotes":""},"categories":[1],"tags":[],"class_list":["post-51102","post","type-post","status-publish","format-standard","has-post-thumbnail","hentry","category-news"],"yoast_head":"<!-- This site is optimized with the Yoast SEO plugin v27.3 - https:\/\/yoast.com\/product\/yoast-seo-wordpress\/ -->\n<title>Sigep 2016: vi racconteremo i progetti di Libero<\/title>\n<meta name=\"description\" content=\"Al Sigep 2016, dal 23 al 27 Gennaio, vi racconteremo un innovativo modello di business per regalare ai vostri clienti un&#039;esperienza nuova e differente.\" \/>\n<meta name=\"robots\" content=\"index, follow, max-snippet:-1, max-image-preview:large, max-video-preview:-1\" \/>\n<link rel=\"canonical\" href=\"https:\/\/www.bocchini.it\/it\/sigep-2016\/\" \/>\n<meta property=\"og:locale\" content=\"it_IT\" \/>\n<meta property=\"og:type\" content=\"article\" \/>\n<meta property=\"og:title\" content=\"Sigep 2016: vi racconteremo i progetti di Libero\" \/>\n<meta property=\"og:description\" content=\"Al Sigep 2016, dal 23 al 27 Gennaio, vi racconteremo un innovativo modello di business per regalare ai vostri clienti un&#039;esperienza nuova e differente.\" \/>\n<meta property=\"og:url\" content=\"https:\/\/www.bocchini.it\/it\/sigep-2016\/\" \/>\n<meta property=\"og:site_name\" content=\"Bocchini Arredamenti\" \/>\n<meta property=\"article:publisher\" content=\"https:\/\/www.facebook.com\/BocchiniArredamenti\/\" \/>\n<meta property=\"article:published_time\" content=\"2016-01-18T16:56:10+00:00\" \/>\n<meta property=\"article:modified_time\" content=\"2016-01-18T16:57:14+00:00\" \/>\n<meta property=\"og:image\" content=\"https:\/\/www.bocchini.it\/wp-content\/uploads\/2016\/01\/standC2.jpg\" \/>\n\t<meta property=\"og:image:width\" content=\"2000\" \/>\n\t<meta property=\"og:image:height\" content=\"1333\" \/>\n\t<meta property=\"og:image:type\" content=\"image\/jpeg\" \/>\n<meta name=\"author\" content=\"Daniele Ricciarelli\" \/>\n<meta name=\"twitter:card\" content=\"summary_large_image\" \/>\n<meta name=\"twitter:label1\" content=\"Scritto da\" \/>\n\t<meta name=\"twitter:data1\" content=\"Daniele Ricciarelli\" \/>\n\t<meta name=\"twitter:label2\" content=\"Tempo di lettura stimato\" \/>\n\t<meta name=\"twitter:data2\" content=\"1 minuto\" \/>\n<script type=\"application\/ld+json\" class=\"yoast-schema-graph\">{\"@context\":\"https:\\\/\\\/schema.org\",\"@graph\":[{\"@type\":\"Article\",\"@id\":\"https:\\\/\\\/www.bocchini.it\\\/it\\\/sigep-2016\\\/#article\",\"isPartOf\":{\"@id\":\"https:\\\/\\\/www.bocchini.it\\\/it\\\/sigep-2016\\\/\"},\"author\":{\"name\":\"Daniele Ricciarelli\",\"@id\":\"https:\\\/\\\/www.bocchini.it\\\/it\\\/#\\\/schema\\\/person\\\/1e3ed8e76d2f7a63bf60950993bd14f0\"},\"headline\":\"Sigep 2016: vi racconteremo i progetti di Libero\",\"datePublished\":\"2016-01-18T16:56:10+00:00\",\"dateModified\":\"2016-01-18T16:57:14+00:00\",\"mainEntityOfPage\":{\"@id\":\"https:\\\/\\\/www.bocchini.it\\\/it\\\/sigep-2016\\\/\"},\"wordCount\":195,\"image\":{\"@id\":\"https:\\\/\\\/www.bocchini.it\\\/it\\\/sigep-2016\\\/#primaryimage\"},\"thumbnailUrl\":\"https:\\\/\\\/www.bocchini.it\\\/wp-content\\\/uploads\\\/2016\\\/01\\\/standC2.jpg\",\"articleSection\":[\"News\"],\"inLanguage\":\"it-IT\"},{\"@type\":\"WebPage\",\"@id\":\"https:\\\/\\\/www.bocchini.it\\\/it\\\/sigep-2016\\\/\",\"url\":\"https:\\\/\\\/www.bocchini.it\\\/it\\\/sigep-2016\\\/\",\"name\":\"Sigep 2016: vi racconteremo i progetti di Libero\",\"isPartOf\":{\"@id\":\"https:\\\/\\\/www.bocchini.it\\\/it\\\/#website\"},\"primaryImageOfPage\":{\"@id\":\"https:\\\/\\\/www.bocchini.it\\\/it\\\/sigep-2016\\\/#primaryimage\"},\"image\":{\"@id\":\"https:\\\/\\\/www.bocchini.it\\\/it\\\/sigep-2016\\\/#primaryimage\"},\"thumbnailUrl\":\"https:\\\/\\\/www.bocchini.it\\\/wp-content\\\/uploads\\\/2016\\\/01\\\/standC2.jpg\",\"datePublished\":\"2016-01-18T16:56:10+00:00\",\"dateModified\":\"2016-01-18T16:57:14+00:00\",\"author\":{\"@id\":\"https:\\\/\\\/www.bocchini.it\\\/it\\\/#\\\/schema\\\/person\\\/1e3ed8e76d2f7a63bf60950993bd14f0\"},\"description\":\"Al Sigep 2016, dal 23 al 27 Gennaio, vi racconteremo un innovativo modello di business per regalare ai vostri clienti un'esperienza nuova e differente.\",\"breadcrumb\":{\"@id\":\"https:\\\/\\\/www.bocchini.it\\\/it\\\/sigep-2016\\\/#breadcrumb\"},\"inLanguage\":\"it-IT\",\"potentialAction\":[{\"@type\":\"ReadAction\",\"target\":[\"https:\\\/\\\/www.bocchini.it\\\/it\\\/sigep-2016\\\/\"]}]},{\"@type\":\"ImageObject\",\"inLanguage\":\"it-IT\",\"@id\":\"https:\\\/\\\/www.bocchini.it\\\/it\\\/sigep-2016\\\/#primaryimage\",\"url\":\"https:\\\/\\\/www.bocchini.it\\\/wp-content\\\/uploads\\\/2016\\\/01\\\/standC2.jpg\",\"contentUrl\":\"https:\\\/\\\/www.bocchini.it\\\/wp-content\\\/uploads\\\/2016\\\/01\\\/standC2.jpg\",\"width\":2000,\"height\":1333,\"caption\":\"Clabo al Sigep - Bocchini arredamenti\"},{\"@type\":\"BreadcrumbList\",\"@id\":\"https:\\\/\\\/www.bocchini.it\\\/it\\\/sigep-2016\\\/#breadcrumb\",\"itemListElement\":[{\"@type\":\"ListItem\",\"position\":1,\"name\":\"Home\",\"item\":\"https:\\\/\\\/www.bocchini.it\\\/it\\\/\"},{\"@type\":\"ListItem\",\"position\":2,\"name\":\"Sigep 2016: vi racconteremo i progetti di Libero\"}]},{\"@type\":\"WebSite\",\"@id\":\"https:\\\/\\\/www.bocchini.it\\\/it\\\/#website\",\"url\":\"https:\\\/\\\/www.bocchini.it\\\/it\\\/\",\"name\":\"Bocchini Arredamenti\",\"description\":\"\",\"potentialAction\":[{\"@type\":\"SearchAction\",\"target\":{\"@type\":\"EntryPoint\",\"urlTemplate\":\"https:\\\/\\\/www.bocchini.it\\\/it\\\/?s={search_term_string}\"},\"query-input\":{\"@type\":\"PropertyValueSpecification\",\"valueRequired\":true,\"valueName\":\"search_term_string\"}}],\"inLanguage\":\"it-IT\"},{\"@type\":\"Person\",\"@id\":\"https:\\\/\\\/www.bocchini.it\\\/it\\\/#\\\/schema\\\/person\\\/1e3ed8e76d2f7a63bf60950993bd14f0\",\"name\":\"Daniele Ricciarelli\",\"image\":{\"@type\":\"ImageObject\",\"inLanguage\":\"it-IT\",\"@id\":\"https:\\\/\\\/secure.gravatar.com\\\/avatar\\\/39bbabed1fc781b2f678ea8fe9daf48833ced8d33e538479cf99055b0a39614f?s=96&d=mm&r=g\",\"url\":\"https:\\\/\\\/secure.gravatar.com\\\/avatar\\\/39bbabed1fc781b2f678ea8fe9daf48833ced8d33e538479cf99055b0a39614f?s=96&d=mm&r=g\",\"contentUrl\":\"https:\\\/\\\/secure.gravatar.com\\\/avatar\\\/39bbabed1fc781b2f678ea8fe9daf48833ced8d33e538479cf99055b0a39614f?s=96&d=mm&r=g\",\"caption\":\"Daniele Ricciarelli\"},\"url\":\"https:\\\/\\\/www.bocchini.it\\\/it\\\/author\\\/daniele\\\/\"}]}<\/script>\n<!-- \/ Yoast SEO plugin. -->","yoast_head_json":{"title":"Sigep 2016: vi racconteremo i progetti di Libero","description":"Al Sigep 2016, dal 23 al 27 Gennaio, vi racconteremo un innovativo modello di business per regalare ai vostri clienti un'esperienza nuova e differente.","robots":{"index":"index","follow":"follow","max-snippet":"max-snippet:-1","max-image-preview":"max-image-preview:large","max-video-preview":"max-video-preview:-1"},"canonical":"https:\/\/www.bocchini.it\/it\/sigep-2016\/","og_locale":"it_IT","og_type":"article","og_title":"Sigep 2016: vi racconteremo i progetti di Libero","og_description":"Al Sigep 2016, dal 23 al 27 Gennaio, vi racconteremo un innovativo modello di business per regalare ai vostri clienti un'esperienza nuova e differente.","og_url":"https:\/\/www.bocchini.it\/it\/sigep-2016\/","og_site_name":"Bocchini Arredamenti","article_publisher":"https:\/\/www.facebook.com\/BocchiniArredamenti\/","article_published_time":"2016-01-18T16:56:10+00:00","article_modified_time":"2016-01-18T16:57:14+00:00","og_image":[{"width":2000,"height":1333,"url":"https:\/\/www.bocchini.it\/wp-content\/uploads\/2016\/01\/standC2.jpg","type":"image\/jpeg"}],"author":"Daniele Ricciarelli","twitter_card":"summary_large_image","twitter_misc":{"Scritto da":"Daniele Ricciarelli","Tempo di lettura stimato":"1 minuto"},"schema":{"@context":"https:\/\/schema.org","@graph":[{"@type":"Article","@id":"https:\/\/www.bocchini.it\/it\/sigep-2016\/#article","isPartOf":{"@id":"https:\/\/www.bocchini.it\/it\/sigep-2016\/"},"author":{"name":"Daniele Ricciarelli","@id":"https:\/\/www.bocchini.it\/it\/#\/schema\/person\/1e3ed8e76d2f7a63bf60950993bd14f0"},"headline":"Sigep 2016: vi racconteremo i progetti di Libero","datePublished":"2016-01-18T16:56:10+00:00","dateModified":"2016-01-18T16:57:14+00:00","mainEntityOfPage":{"@id":"https:\/\/www.bocchini.it\/it\/sigep-2016\/"},"wordCount":195,"image":{"@id":"https:\/\/www.bocchini.it\/it\/sigep-2016\/#primaryimage"},"thumbnailUrl":"https:\/\/www.bocchini.it\/wp-content\/uploads\/2016\/01\/standC2.jpg","articleSection":["News"],"inLanguage":"it-IT"},{"@type":"WebPage","@id":"https:\/\/www.bocchini.it\/it\/sigep-2016\/","url":"https:\/\/www.bocchini.it\/it\/sigep-2016\/","name":"Sigep 2016: vi racconteremo i progetti di Libero","isPartOf":{"@id":"https:\/\/www.bocchini.it\/it\/#website"},"primaryImageOfPage":{"@id":"https:\/\/www.bocchini.it\/it\/sigep-2016\/#primaryimage"},"image":{"@id":"https:\/\/www.bocchini.it\/it\/sigep-2016\/#primaryimage"},"thumbnailUrl":"https:\/\/www.bocchini.it\/wp-content\/uploads\/2016\/01\/standC2.jpg","datePublished":"2016-01-18T16:56:10+00:00","dateModified":"2016-01-18T16:57:14+00:00","author":{"@id":"https:\/\/www.bocchini.it\/it\/#\/schema\/person\/1e3ed8e76d2f7a63bf60950993bd14f0"},"description":"Al Sigep 2016, dal 23 al 27 Gennaio, vi racconteremo un innovativo modello di business per regalare ai vostri clienti un'esperienza nuova e differente.","breadcrumb":{"@id":"https:\/\/www.bocchini.it\/it\/sigep-2016\/#breadcrumb"},"inLanguage":"it-IT","potentialAction":[{"@type":"ReadAction","target":["https:\/\/www.bocchini.it\/it\/sigep-2016\/"]}]},{"@type":"ImageObject","inLanguage":"it-IT","@id":"https:\/\/www.bocchini.it\/it\/sigep-2016\/#primaryimage","url":"https:\/\/www.bocchini.it\/wp-content\/uploads\/2016\/01\/standC2.jpg","contentUrl":"https:\/\/www.bocchini.it\/wp-content\/uploads\/2016\/01\/standC2.jpg","width":2000,"height":1333,"caption":"Clabo al Sigep - Bocchini arredamenti"},{"@type":"BreadcrumbList","@id":"https:\/\/www.bocchini.it\/it\/sigep-2016\/#breadcrumb","itemListElement":[{"@type":"ListItem","position":1,"name":"Home","item":"https:\/\/www.bocchini.it\/it\/"},{"@type":"ListItem","position":2,"name":"Sigep 2016: vi racconteremo i progetti di Libero"}]},{"@type":"WebSite","@id":"https:\/\/www.bocchini.it\/it\/#website","url":"https:\/\/www.bocchini.it\/it\/","name":"Bocchini Arredamenti","description":"","potentialAction":[{"@type":"SearchAction","target":{"@type":"EntryPoint","urlTemplate":"https:\/\/www.bocchini.it\/it\/?s={search_term_string}"},"query-input":{"@type":"PropertyValueSpecification","valueRequired":true,"valueName":"search_term_string"}}],"inLanguage":"it-IT"},{"@type":"Person","@id":"https:\/\/www.bocchini.it\/it\/#\/schema\/person\/1e3ed8e76d2f7a63bf60950993bd14f0","name":"Daniele Ricciarelli","image":{"@type":"ImageObject","inLanguage":"it-IT","@id":"https:\/\/secure.gravatar.com\/avatar\/39bbabed1fc781b2f678ea8fe9daf48833ced8d33e538479cf99055b0a39614f?s=96&d=mm&r=g","url":"https:\/\/secure.gravatar.com\/avatar\/39bbabed1fc781b2f678ea8fe9daf48833ced8d33e538479cf99055b0a39614f?s=96&d=mm&r=g","contentUrl":"https:\/\/secure.gravatar.com\/avatar\/39bbabed1fc781b2f678ea8fe9daf48833ced8d33e538479cf99055b0a39614f?s=96&d=mm&r=g","caption":"Daniele Ricciarelli"},"url":"https:\/\/www.bocchini.it\/it\/author\/daniele\/"}]}},"_links":{"self":[{"href":"https:\/\/www.bocchini.it\/it\/wp-json\/wp\/v2\/posts\/51102","targetHints":{"allow":["GET"]}}],"collection":[{"href":"https:\/\/www.bocchini.it\/it\/wp-json\/wp\/v2\/posts"}],"about":[{"href":"https:\/\/www.bocchini.it\/it\/wp-json\/wp\/v2\/types\/post"}],"author":[{"embeddable":true,"href":"https:\/\/www.bocchini.it\/it\/wp-json\/wp\/v2\/users\/6"}],"replies":[{"embeddable":true,"href":"https:\/\/www.bocchini.it\/it\/wp-json\/wp\/v2\/comments?post=51102"}],"version-history":[{"count":6,"href":"https:\/\/www.bocchini.it\/it\/wp-json\/wp\/v2\/posts\/51102\/revisions"}],"predecessor-version":[{"id":51112,"href":"https:\/\/www.bocchini.it\/it\/wp-json\/wp\/v2\/posts\/51102\/revisions\/51112"}],"wp:featuredmedia":[{"embeddable":true,"href":"https:\/\/www.bocchini.it\/it\/wp-json\/wp\/v2\/media\/51103"}],"wp:attachment":[{"href":"https:\/\/www.bocchini.it\/it\/wp-json\/wp\/v2\/media?parent=51102"}],"wp:term":[{"taxonomy":"category","embeddable":true,"href":"https:\/\/www.bocchini.it\/it\/wp-json\/wp\/v2\/categories?post=51102"},{"taxonomy":"post_tag","embeddable":true,"href":"https:\/\/www.bocchini.it\/it\/wp-json\/wp\/v2\/tags?post=51102"}],"curies":[{"name":"wp","href":"https:\/\/api.w.org\/{rel}","templated":true}]}}